{"id":4301,"__str__":"Indica\u00e7\u00e3o n\u00ba 58 de 2025","link_detail_backend":"/materia/4301","metadata":{},"numero":58,"ano":2025,"numero_protocolo":107,"data_apresentacao":"2025-03-08","tipo_apresentacao":"","data_publicacao":null,"numero_origem_externa":"","ano_origem_externa":null,"data_origem_externa":null,"apelido":"","dias_prazo":null,"data_fim_prazo":null,"em_tramitacao":false,"polemica":false,"objeto":"","complementar":false,"ementa":"Indica\u00e7\u00e3o de um Projeto de Lei de concess\u00e3o de redu\u00e7\u00e3o de carga hor\u00e1ria em 50%, sem redu\u00e7\u00e3o de vencimentos, aos servidores p\u00fablicos municipais com defici\u00eancia f\u00edsica, ainda que inexista previs\u00e3o expressa na legisla\u00e7\u00e3o municipal, considerando princ\u00edpios constitucionais, legisla\u00e7\u00e3o federal e normas an\u00e1logas j\u00e1 existentes no munic\u00edpio.","indexacao":"","observacao":"","resultado":"","texto_original":"http://sapl.cacoal.ro.leg.br/media/sapl/public/materialegislativa/2025/4301/_indicacao__0005_-_vereadora_dra._amalia_miliani_-indicacao_de_um_projeto_de_lei_de_concessao_de_reducao_de_carga_horaria_.docx","data_ultima_atualizacao":"2025-05-08T11:15:29.504634-03:00","ip":"","ultima_edicao":null,"tipo":11,"regime_tramitacao":2,"tipo_origem_externa":null,"local_origem_externa":null,"user":null,"anexadas":[],"autores":[98]}