{"id":4249,"__str__":"Projeto de Lei Ordin\u00e1ria n\u00ba 16 de 2025","link_detail_backend":"/materia/4249","metadata":{},"numero":16,"ano":2025,"numero_protocolo":61,"data_apresentacao":"2025-02-20","tipo_apresentacao":"","data_publicacao":null,"numero_origem_externa":"","ano_origem_externa":null,"data_origem_externa":null,"apelido":"","dias_prazo":null,"data_fim_prazo":null,"em_tramitacao":false,"polemica":false,"objeto":"","complementar":false,"ementa":"\u201cDISP\u00d5E SOBRE O USO DAS AMBUL\u00c2NCIAS MUNICIPAIS PARA TRANSPORTE DE PACIENTES DA REDE PRIVADA, MEDIANTE PRESCRI\u00c7\u00c3O M\u00c9DICA, EM MOMENTOS DE DISPONIBILIDADE, E D\u00c1 OUTRAS PROVID\u00caNCIAS\u201d.","indexacao":"","observacao":"","resultado":"","texto_original":"http://sapl.cacoal.ro.leg.br/media/sapl/public/materialegislativa/2025/4249/projeto_de_lei_-_transporte_de_pacientes_de_ambulancia_final.docx","data_ultima_atualizacao":"2025-06-27T13:09:07.304530-03:00","ip":"","ultima_edicao":null,"tipo":4,"regime_tramitacao":2,"tipo_origem_externa":null,"local_origem_externa":null,"user":null,"anexadas":[],"autores":[99]}