{"id":3300,"__str__":"Indica\u00e7\u00e3o n\u00ba 80 de 2023","link_detail_backend":"/materia/3300","metadata":{"signs":{"texto_original":{"admin":[],"autores":[["Edimar Kapiche Luciano",["2023-09-29T13:07:07-04:00","ICP-Brasil"]]]}}},"numero":80,"ano":2023,"numero_protocolo":300,"data_apresentacao":"2023-10-02","tipo_apresentacao":"","data_publicacao":null,"numero_origem_externa":"","ano_origem_externa":null,"data_origem_externa":null,"apelido":"","dias_prazo":null,"data_fim_prazo":null,"em_tramitacao":false,"polemica":false,"objeto":"","complementar":false,"ementa":"Indico a Prefeitura Municipal de Cacoal atrav\u00e9s da a Secretaria Municipal de Assist\u00eancia Social e Trabalho \u2013 SEMAST, em parceria com a Secretaria Municipal de Administra\u00e7\u00e3o- SEMAD, que seja realizado, reforma, manuten\u00e7\u00e3o na ilumina\u00e7\u00e3o, pintura, revitaliza\u00e7\u00e3o, e a constru\u00e7\u00e3o de muro na pra\u00e7a Rog\u00e9rio Gon\u00e7alves Tita (Pra\u00e7a C\u00e9u), no Bairro Parque Fortaleza. Considerando que a pra\u00e7a, \u00e9 um local utilizado para programas e a\u00e7\u00f5es culturais, pr\u00e1ticas esportivas e de lazer, forma\u00e7\u00e3o e qualifica\u00e7\u00e3o para o mercado de trabalho, servi\u00e7os socioassistenciais, pol\u00edticas de preven\u00e7\u00e3o \u00e0 viol\u00eancia e de inclus\u00e3o digital, dentre outras formas de lazer e entretenimento.","indexacao":"","observacao":"","resultado":"","texto_original":"http://sapl.cacoal.ro.leg.br/media/sapl/public/materialegislativa/2023/3300/indicacao_n._80_-_cmc_-_23_edimar_kapiche.pdf","data_ultima_atualizacao":"2023-10-10T08:58:36.620010-03:00","ip":"177.22.105.10","ultima_edicao":"2023-10-04T10:20:26.032358-03:00","tipo":11,"regime_tramitacao":2,"tipo_origem_externa":null,"local_origem_externa":null,"user":65,"anexadas":[],"autores":[57]}