{"id":2681,"__str__":"Indica\u00e7\u00e3o n\u00ba 111 de 2022","link_detail_backend":"/materia/2681","metadata":{},"numero":111,"ano":2022,"numero_protocolo":null,"data_apresentacao":"2022-08-22","tipo_apresentacao":"E","data_publicacao":null,"numero_origem_externa":"","ano_origem_externa":null,"data_origem_externa":null,"apelido":"","dias_prazo":null,"data_fim_prazo":null,"em_tramitacao":false,"polemica":false,"objeto":"","complementar":false,"ementa":"Indico a Prefeitura de Cacoal viabilize junto \u00e0 Secretaria Municipal de Meio Ambiente (SEMA) e demais \u00f3rg\u00e3os respons\u00e1veis, a retirada de lixo e entulhos da rua Jos\u00e9 Vieira Couto, esquina com avenida Celestino Rosalino, no Jardim It\u00e1lia; e intensifica\u00e7\u00e3o nas Campanhas de Conscientiza\u00e7\u00e3o sobre descarte de lixo.","indexacao":"","observacao":"","resultado":"","texto_original":"http://sapl.cacoal.ro.leg.br/media/sapl/public/materialegislativa/2022/2681/indicacao_n._111-cmc-22_-_valdomiro_cora.pdf","data_ultima_atualizacao":"2022-08-23T13:25:39.719139-03:00","ip":"177.22.105.10","ultima_edicao":"2022-08-22T11:39:07.961014-03:00","tipo":11,"regime_tramitacao":2,"tipo_origem_externa":null,"local_origem_externa":null,"user":30,"anexadas":[],"autores":[3]}