{"id":1652,"__str__":"Projeto de Lei Ordin\u00e1ria n\u00ba 118 de 2019","link_detail_backend":"/materia/1652","metadata":{},"numero":118,"ano":2019,"numero_protocolo":null,"data_apresentacao":"2019-08-06","tipo_apresentacao":"E","data_publicacao":null,"numero_origem_externa":"","ano_origem_externa":null,"data_origem_externa":null,"apelido":"","dias_prazo":null,"data_fim_prazo":null,"em_tramitacao":false,"polemica":false,"objeto":"","complementar":false,"ementa":"DISP\u00d5E SOBRE A CRIA\u00c7\u00c3O DA SEMANA DO CICLISMO E D\u00c1 OUTRAS PROVID\u00caNCIAS","indexacao":"","observacao":"","resultado":"","texto_original":"http://sapl.cacoal.ro.leg.br/media/sapl/public/materialegislativa/2019/1652/p.l._118-19_semana_do_ciclista.doc","data_ultima_atualizacao":"2021-10-26T14:11:42.330544-03:00","ip":"177.22.105.10","ultima_edicao":"2021-10-26T14:10:43.465733-03:00","tipo":4,"regime_tramitacao":2,"tipo_origem_externa":null,"local_origem_externa":null,"user":20,"anexadas":[],"autores":[2]}