{"id":1648,"__str__":"Projeto de Lei Ordin\u00e1ria n\u00ba 114 de 2019","link_detail_backend":"/materia/1648","metadata":{},"numero":114,"ano":2019,"numero_protocolo":null,"data_apresentacao":"2019-06-25","tipo_apresentacao":"E","data_publicacao":null,"numero_origem_externa":"","ano_origem_externa":null,"data_origem_externa":null,"apelido":"","dias_prazo":null,"data_fim_prazo":null,"em_tramitacao":false,"polemica":false,"objeto":"","complementar":false,"ementa":"\u201cDisp\u00f5e sobre a obrigatoriedade de todas as placas de atendimento priorit\u00e1rio incluir o s\u00edmbolo mundial do Transtorno do Espectro Autista\u201d.","indexacao":"","observacao":"","resultado":"","texto_original":"http://sapl.cacoal.ro.leg.br/media/sapl/public/materialegislativa/2019/1648/p.l._114-19_simbolo_do_autismo_nas_placas_de_atendimento_prioritario.docx","data_ultima_atualizacao":"2021-10-26T14:06:50.501094-03:00","ip":"177.22.105.10","ultima_edicao":"2021-10-26T14:05:22.178649-03:00","tipo":4,"regime_tramitacao":2,"tipo_origem_externa":null,"local_origem_externa":null,"user":20,"anexadas":[],"autores":[5]}