{"id":5673,"__str__":"Of\u00edcio - Of\u00edcio de 05/03/2026 por Zivan Almeida - Vice-Presidente","link_detail_backend":"/materia/documentoacessorio/5673","metadata":{},"nome":"Of\u00edcio","data":"2026-03-05","autor":"Zivan Almeida - Vice-Presidente","ementa":"'DISP\u00d5E SOBRE IMPLANTA\u00c7\u00c3O DO PARQUINHO PARA AS CRIAN\u00c7AS COM NECESSIDADES ESPECIAIS.\"","indexacao":"","arquivo":"http://sapl.cacoal.ro.leg.br/media/sapl/public/documentoacessorio/2026/5673/oficio_no_29_-_diretoria_legislativa.pdf","data_ultima_atualizacao":"2026-03-05T10:22:34.492598-03:00","materia":5270,"tipo":7}