{"id":4357,"__str__":"Autoria: Lauro Gar\u00e7om - Of\u00edcios solicitados em Plen\u00e1rio n\u00ba 101 de 2023","link_detail_backend":"/materia/autoria/4357","metadata":{},"primeiro_autor":true,"autor":63,"materia":3416}